{"id":799,"date":"2016-08-16T18:08:58","date_gmt":"2016-08-16T22:08:58","guid":{"rendered":"http:\/\/www.consultarh.com\/site\/?p=799"},"modified":"2017-07-23T10:23:07","modified_gmt":"2017-07-23T14:23:07","slug":"aumento-salario-minimo-desde-1o-septiembre","status":"publish","type":"post","link":"https:\/\/www.consultarh.com\/site\/aumento-salario-minimo-desde-1o-septiembre\/","title":{"rendered":"Aumento de Salario y Cestaticket desde 1\u00ba de Septiembre"},"content":{"rendered":"<p>El aumento de salario m\u00ednimo anunciado por el presidente de la rep\u00fablica a partir del 1\u00ba de septiembre, fue oficializado, por Decreto N\u00ba 2.429, Mediante Gaceta Oficial <span class=\"st\"><em>Gaceta<\/em> Oficial N\u00b0 40.965<\/span>, publicada el 12 de Agosto de 2016.<\/p>\n<p><!--more-->El aumento fijado es del 50% sobre la base anterior, lo que conlleva que el nuevo valor del salario m\u00ednimo nacional queda establecido en <strong><em>Veintidos Mil Quinientos Setenta y Seis Bol\u00edvares con setenta y tres centimos (Bs. 22.576,73)<\/em><\/strong>, quedando el salario m\u00ednimo diario en <em><strong>Setecientos Cincuenta y Dos Bol\u00edvares con cincuenta y seis centimos (Bs. 752,56)<\/strong><\/em>.<\/p>\n<p>Este salario es el mismo valor de referencia para las pensiones del IVSS, y la base para el salario de los aprendices en un 75%, lo que implica que el nuevo salario a partir del 1 de septiembre de 2016 para estos \u00faltimos ser\u00e1 de <strong><em>Dieciseis Mil Setecientos Ochenta y Nueve Bolivares con noventa y dos centimos<\/em><em> (Bs. 16.789,92)<\/em><\/strong>.<\/p>\n<p>En \u00e9sta misma Gaceta, mediante Decreto N\u00ba 2.430, fue aumentada la base de c\u00e1lculo para el beneficio de alimentaci\u00f3n contemplado en la Ley de Cestaticket Socialista para los trabajadores, pasando de 3,5 UT a 8UT, para un nuevo valor diario de\u00a0 <em><strong>Mil Cuatrocientos Dieciseis Bol\u00edvares (Bs.1416\u00ba\u00ba)<\/strong><\/em> y su aplicaci\u00f3n es retroactiva desde el 1\u00ba de Agosto de 2016, es decir, que dicho aumento que representa un total mensual de <strong><em>Cuarenta y Dos Mil Cuatrocientos Ochenta Bol\u00edvares<\/em> <em>Bs. 42.480\u00ba\u00ba<\/em><\/strong>, ser\u00e1 efectivo al momento del pago en la primera semana de septiembre tal como est\u00e1 establecido en la misma ley que se\u00f1ala que debe pagarse de forma mensual al culminar cada mes de labores.<\/p>\n<p>Descargue<a href=\"http:\/\/www.consultarh.com\/site\/wp-content\/uploads\/2016\/08\/Gaceta40965DecretoSalarioM\u00ednimo.pdf\"><span class=\"st\"> aqu\u00ed la Gaceta Oficial N\u00ba 40.965<\/span><\/a><\/p>\n","protected":false},"excerpt":{"rendered":"<p>El aumento de salario m\u00ednimo anunciado por el presidente de la rep\u00fablica a partir del 1\u00ba de septiembre, fue oficializado, por Decreto N\u00ba 2.429, Mediante Gaceta Oficial Gaceta Oficial N\u00b0 40.965, publicada el 12 de Agosto de 2016.<\/p>\n","protected":false},"author":15,"featured_media":682,"comment_status":"closed","ping_status":"closed","sticky":false,"template":"","format":"standard","meta":{"footnotes":""},"categories":[98,1,156,109],"tags":[120,107,9,36,119],"class_list":["post-799","post","type-post","status-publish","format-standard","has-post-thumbnail","hentry","category-cestaticket","category-general","category-latest-blog","category-salario-minimo","tag-1-de-septiembre","tag-107","tag-aumento","tag-cestaticket","tag-salrio-minimo"],"yoast_head":"<!-- This site is optimized with the Yoast SEO plugin v23.4 - https:\/\/yoast.com\/wordpress\/plugins\/seo\/ -->\n<title>Aumento de Salario y Cestaticket desde 1\u00ba de Septiembre - Consultarh<\/title>\n<meta name=\"robots\" content=\"index, follow, max-snippet:-1, max-image-preview:large, max-video-preview:-1\" \/>\n<link rel=\"canonical\" href=\"https:\/\/www.consultarh.com\/site\/aumento-salario-minimo-desde-1o-septiembre\/\" \/>\n<meta property=\"og:locale\" content=\"es_ES\" \/>\n<meta property=\"og:type\" content=\"article\" \/>\n<meta property=\"og:title\" content=\"Aumento de Salario y Cestaticket desde 1\u00ba de Septiembre - Consultarh\" \/>\n<meta property=\"og:description\" content=\"El aumento de salario m\u00ednimo anunciado por el presidente de la rep\u00fablica a partir del 1\u00ba de septiembre, fue oficializado, por Decreto N\u00ba 2.429, Mediante Gaceta Oficial Gaceta Oficial N\u00b0 40.965, publicada el 12 de Agosto de 2016.\" \/>\n<meta property=\"og:url\" content=\"https:\/\/www.consultarh.com\/site\/aumento-salario-minimo-desde-1o-septiembre\/\" \/>\n<meta property=\"og:site_name\" content=\"Consultarh\" \/>\n<meta property=\"article:publisher\" content=\"https:\/\/www.facebook.com\/consultarh\" \/>\n<meta property=\"article:published_time\" content=\"2016-08-16T22:08:58+00:00\" \/>\n<meta property=\"article:modified_time\" content=\"2017-07-23T14:23:07+00:00\" \/>\n<meta property=\"og:image\" content=\"https:\/\/www.consultarh.com\/site\/wp-content\/uploads\/2016\/02\/17687gaceta.jpg\" \/>\n\t<meta property=\"og:image:width\" content=\"635\" \/>\n\t<meta property=\"og:image:height\" content=\"350\" \/>\n\t<meta property=\"og:image:type\" content=\"image\/jpeg\" \/>\n<meta name=\"author\" content=\"Miguelangel Molina\" \/>\n<meta name=\"twitter:card\" content=\"summary_large_image\" \/>\n<meta name=\"twitter:creator\" content=\"@consultarh\" \/>\n<meta name=\"twitter:site\" content=\"@consultarh\" \/>\n<meta name=\"twitter:label1\" content=\"Escrito por\" \/>\n\t<meta name=\"twitter:data1\" content=\"Miguelangel Molina\" \/>\n\t<meta name=\"twitter:label2\" content=\"Tiempo de lectura\" \/>\n\t<meta name=\"twitter:data2\" content=\"1 minuto\" \/>\n<script type=\"application\/ld+json\" class=\"yoast-schema-graph\">{\"@context\":\"https:\/\/schema.org\",\"@graph\":[{\"@type\":\"Article\",\"@id\":\"https:\/\/www.consultarh.com\/site\/aumento-salario-minimo-desde-1o-septiembre\/#article\",\"isPartOf\":{\"@id\":\"https:\/\/www.consultarh.com\/site\/aumento-salario-minimo-desde-1o-septiembre\/\"},\"author\":{\"name\":\"Miguelangel Molina\",\"@id\":\"https:\/\/www.consultarh.com\/site\/#\/schema\/person\/df03a6c4e9e410061861561f099b4556\"},\"headline\":\"Aumento de Salario y Cestaticket desde 1\u00ba de Septiembre\",\"datePublished\":\"2016-08-16T22:08:58+00:00\",\"dateModified\":\"2017-07-23T14:23:07+00:00\",\"mainEntityOfPage\":{\"@id\":\"https:\/\/www.consultarh.com\/site\/aumento-salario-minimo-desde-1o-septiembre\/\"},\"wordCount\":274,\"publisher\":{\"@id\":\"https:\/\/www.consultarh.com\/site\/#organization\"},\"image\":{\"@id\":\"https:\/\/www.consultarh.com\/site\/aumento-salario-minimo-desde-1o-septiembre\/#primaryimage\"},\"thumbnailUrl\":\"https:\/\/www.consultarh.com\/site\/wp-content\/uploads\/2016\/02\/17687gaceta.jpg\",\"keywords\":[\"1 de septiembre\",\"2016\",\"Aumento\",\"cestaticket\",\"salrio minimo\"],\"articleSection\":[\"Cestaticket\",\"General\",\"Latest blog\",\"Salario minimo\"],\"inLanguage\":\"es\"},{\"@type\":\"WebPage\",\"@id\":\"https:\/\/www.consultarh.com\/site\/aumento-salario-minimo-desde-1o-septiembre\/\",\"url\":\"https:\/\/www.consultarh.com\/site\/aumento-salario-minimo-desde-1o-septiembre\/\",\"name\":\"Aumento de Salario y Cestaticket desde 1\u00ba de Septiembre - Consultarh\",\"isPartOf\":{\"@id\":\"https:\/\/www.consultarh.com\/site\/#website\"},\"primaryImageOfPage\":{\"@id\":\"https:\/\/www.consultarh.com\/site\/aumento-salario-minimo-desde-1o-septiembre\/#primaryimage\"},\"image\":{\"@id\":\"https:\/\/www.consultarh.com\/site\/aumento-salario-minimo-desde-1o-septiembre\/#primaryimage\"},\"thumbnailUrl\":\"https:\/\/www.consultarh.com\/site\/wp-content\/uploads\/2016\/02\/17687gaceta.jpg\",\"datePublished\":\"2016-08-16T22:08:58+00:00\",\"dateModified\":\"2017-07-23T14:23:07+00:00\",\"breadcrumb\":{\"@id\":\"https:\/\/www.consultarh.com\/site\/aumento-salario-minimo-desde-1o-septiembre\/#breadcrumb\"},\"inLanguage\":\"es\",\"potentialAction\":[{\"@type\":\"ReadAction\",\"target\":[\"https:\/\/www.consultarh.com\/site\/aumento-salario-minimo-desde-1o-septiembre\/\"]}]},{\"@type\":\"ImageObject\",\"inLanguage\":\"es\",\"@id\":\"https:\/\/www.consultarh.com\/site\/aumento-salario-minimo-desde-1o-septiembre\/#primaryimage\",\"url\":\"https:\/\/www.consultarh.com\/site\/wp-content\/uploads\/2016\/02\/17687gaceta.jpg\",\"contentUrl\":\"https:\/\/www.consultarh.com\/site\/wp-content\/uploads\/2016\/02\/17687gaceta.jpg\",\"width\":635,\"height\":350},{\"@type\":\"BreadcrumbList\",\"@id\":\"https:\/\/www.consultarh.com\/site\/aumento-salario-minimo-desde-1o-septiembre\/#breadcrumb\",\"itemListElement\":[{\"@type\":\"ListItem\",\"position\":1,\"name\":\"Home\",\"item\":\"https:\/\/www.consultarh.com\/site\/\"},{\"@type\":\"ListItem\",\"position\":2,\"name\":\"Aumento de Salario y Cestaticket desde 1\u00ba de Septiembre\"}]},{\"@type\":\"WebSite\",\"@id\":\"https:\/\/www.consultarh.com\/site\/#website\",\"url\":\"https:\/\/www.consultarh.com\/site\/\",\"name\":\"Consultarh\",\"description\":\"Consultor\u00eda, Recursos Humanos\",\"publisher\":{\"@id\":\"https:\/\/www.consultarh.com\/site\/#organization\"},\"potentialAction\":[{\"@type\":\"SearchAction\",\"target\":{\"@type\":\"EntryPoint\",\"urlTemplate\":\"https:\/\/www.consultarh.com\/site\/?s={search_term_string}\"},\"query-input\":{\"@type\":\"PropertyValueSpecification\",\"valueRequired\":true,\"valueName\":\"search_term_string\"}}],\"inLanguage\":\"es\"},{\"@type\":\"Organization\",\"@id\":\"https:\/\/www.consultarh.com\/site\/#organization\",\"name\":\"Consultarh\",\"url\":\"https:\/\/www.consultarh.com\/site\/\",\"logo\":{\"@type\":\"ImageObject\",\"inLanguage\":\"es\",\"@id\":\"https:\/\/www.consultarh.com\/site\/#\/schema\/logo\/image\/\",\"url\":\"https:\/\/www.consultarh.com\/site\/wp-content\/uploads\/2017\/07\/cropped-logo-encabezado-consultarh-e1499085758482-1.jpg\",\"contentUrl\":\"https:\/\/www.consultarh.com\/site\/wp-content\/uploads\/2017\/07\/cropped-logo-encabezado-consultarh-e1499085758482-1.jpg\",\"width\":538,\"height\":150,\"caption\":\"Consultarh\"},\"image\":{\"@id\":\"https:\/\/www.consultarh.com\/site\/#\/schema\/logo\/image\/\"},\"sameAs\":[\"https:\/\/www.facebook.com\/consultarh\",\"https:\/\/x.com\/consultarh\",\"https:\/\/www.instagram.com\/consultarh\",\"https:\/\/www.linkedin.com\/company\/consultarh\"]},{\"@type\":\"Person\",\"@id\":\"https:\/\/www.consultarh.com\/site\/#\/schema\/person\/df03a6c4e9e410061861561f099b4556\",\"name\":\"Miguelangel Molina\",\"description\":\"In. Industrial, Consultor Senior en CONSULTARH, Consultor para el desarollo de TIC\u00b4s aplicadas a la gesti\u00f3n laboral y de procesos.\",\"url\":\"https:\/\/www.consultarh.com\/site\/author\/miguelangel\/\"}]}<\/script>\n<!-- \/ Yoast SEO plugin. -->","yoast_head_json":{"title":"Aumento de Salario y Cestaticket desde 1\u00ba de Septiembre - Consultarh","robots":{"index":"index","follow":"follow","max-snippet":"max-snippet:-1","max-image-preview":"max-image-preview:large","max-video-preview":"max-video-preview:-1"},"canonical":"https:\/\/www.consultarh.com\/site\/aumento-salario-minimo-desde-1o-septiembre\/","og_locale":"es_ES","og_type":"article","og_title":"Aumento de Salario y Cestaticket desde 1\u00ba de Septiembre - Consultarh","og_description":"El aumento de salario m\u00ednimo anunciado por el presidente de la rep\u00fablica a partir del 1\u00ba de septiembre, fue oficializado, por Decreto N\u00ba 2.429, Mediante Gaceta Oficial Gaceta Oficial N\u00b0 40.965, publicada el 12 de Agosto de 2016.","og_url":"https:\/\/www.consultarh.com\/site\/aumento-salario-minimo-desde-1o-septiembre\/","og_site_name":"Consultarh","article_publisher":"https:\/\/www.facebook.com\/consultarh","article_published_time":"2016-08-16T22:08:58+00:00","article_modified_time":"2017-07-23T14:23:07+00:00","og_image":[{"width":635,"height":350,"url":"https:\/\/www.consultarh.com\/site\/wp-content\/uploads\/2016\/02\/17687gaceta.jpg","type":"image\/jpeg"}],"author":"Miguelangel Molina","twitter_card":"summary_large_image","twitter_creator":"@consultarh","twitter_site":"@consultarh","twitter_misc":{"Escrito por":"Miguelangel Molina","Tiempo de lectura":"1 minuto"},"schema":{"@context":"https:\/\/schema.org","@graph":[{"@type":"Article","@id":"https:\/\/www.consultarh.com\/site\/aumento-salario-minimo-desde-1o-septiembre\/#article","isPartOf":{"@id":"https:\/\/www.consultarh.com\/site\/aumento-salario-minimo-desde-1o-septiembre\/"},"author":{"name":"Miguelangel Molina","@id":"https:\/\/www.consultarh.com\/site\/#\/schema\/person\/df03a6c4e9e410061861561f099b4556"},"headline":"Aumento de Salario y Cestaticket desde 1\u00ba de Septiembre","datePublished":"2016-08-16T22:08:58+00:00","dateModified":"2017-07-23T14:23:07+00:00","mainEntityOfPage":{"@id":"https:\/\/www.consultarh.com\/site\/aumento-salario-minimo-desde-1o-septiembre\/"},"wordCount":274,"publisher":{"@id":"https:\/\/www.consultarh.com\/site\/#organization"},"image":{"@id":"https:\/\/www.consultarh.com\/site\/aumento-salario-minimo-desde-1o-septiembre\/#primaryimage"},"thumbnailUrl":"https:\/\/www.consultarh.com\/site\/wp-content\/uploads\/2016\/02\/17687gaceta.jpg","keywords":["1 de septiembre","2016","Aumento","cestaticket","salrio minimo"],"articleSection":["Cestaticket","General","Latest blog","Salario minimo"],"inLanguage":"es"},{"@type":"WebPage","@id":"https:\/\/www.consultarh.com\/site\/aumento-salario-minimo-desde-1o-septiembre\/","url":"https:\/\/www.consultarh.com\/site\/aumento-salario-minimo-desde-1o-septiembre\/","name":"Aumento de Salario y Cestaticket desde 1\u00ba de Septiembre - Consultarh","isPartOf":{"@id":"https:\/\/www.consultarh.com\/site\/#website"},"primaryImageOfPage":{"@id":"https:\/\/www.consultarh.com\/site\/aumento-salario-minimo-desde-1o-septiembre\/#primaryimage"},"image":{"@id":"https:\/\/www.consultarh.com\/site\/aumento-salario-minimo-desde-1o-septiembre\/#primaryimage"},"thumbnailUrl":"https:\/\/www.consultarh.com\/site\/wp-content\/uploads\/2016\/02\/17687gaceta.jpg","datePublished":"2016-08-16T22:08:58+00:00","dateModified":"2017-07-23T14:23:07+00:00","breadcrumb":{"@id":"https:\/\/www.consultarh.com\/site\/aumento-salario-minimo-desde-1o-septiembre\/#breadcrumb"},"inLanguage":"es","potentialAction":[{"@type":"ReadAction","target":["https:\/\/www.consultarh.com\/site\/aumento-salario-minimo-desde-1o-septiembre\/"]}]},{"@type":"ImageObject","inLanguage":"es","@id":"https:\/\/www.consultarh.com\/site\/aumento-salario-minimo-desde-1o-septiembre\/#primaryimage","url":"https:\/\/www.consultarh.com\/site\/wp-content\/uploads\/2016\/02\/17687gaceta.jpg","contentUrl":"https:\/\/www.consultarh.com\/site\/wp-content\/uploads\/2016\/02\/17687gaceta.jpg","width":635,"height":350},{"@type":"BreadcrumbList","@id":"https:\/\/www.consultarh.com\/site\/aumento-salario-minimo-desde-1o-septiembre\/#breadcrumb","itemListElement":[{"@type":"ListItem","position":1,"name":"Home","item":"https:\/\/www.consultarh.com\/site\/"},{"@type":"ListItem","position":2,"name":"Aumento de Salario y Cestaticket desde 1\u00ba de Septiembre"}]},{"@type":"WebSite","@id":"https:\/\/www.consultarh.com\/site\/#website","url":"https:\/\/www.consultarh.com\/site\/","name":"Consultarh","description":"Consultor\u00eda, Recursos Humanos","publisher":{"@id":"https:\/\/www.consultarh.com\/site\/#organization"},"potentialAction":[{"@type":"SearchAction","target":{"@type":"EntryPoint","urlTemplate":"https:\/\/www.consultarh.com\/site\/?s={search_term_string}"},"query-input":{"@type":"PropertyValueSpecification","valueRequired":true,"valueName":"search_term_string"}}],"inLanguage":"es"},{"@type":"Organization","@id":"https:\/\/www.consultarh.com\/site\/#organization","name":"Consultarh","url":"https:\/\/www.consultarh.com\/site\/","logo":{"@type":"ImageObject","inLanguage":"es","@id":"https:\/\/www.consultarh.com\/site\/#\/schema\/logo\/image\/","url":"https:\/\/www.consultarh.com\/site\/wp-content\/uploads\/2017\/07\/cropped-logo-encabezado-consultarh-e1499085758482-1.jpg","contentUrl":"https:\/\/www.consultarh.com\/site\/wp-content\/uploads\/2017\/07\/cropped-logo-encabezado-consultarh-e1499085758482-1.jpg","width":538,"height":150,"caption":"Consultarh"},"image":{"@id":"https:\/\/www.consultarh.com\/site\/#\/schema\/logo\/image\/"},"sameAs":["https:\/\/www.facebook.com\/consultarh","https:\/\/x.com\/consultarh","https:\/\/www.instagram.com\/consultarh","https:\/\/www.linkedin.com\/company\/consultarh"]},{"@type":"Person","@id":"https:\/\/www.consultarh.com\/site\/#\/schema\/person\/df03a6c4e9e410061861561f099b4556","name":"Miguelangel Molina","description":"In. Industrial, Consultor Senior en CONSULTARH, Consultor para el desarollo de TIC\u00b4s aplicadas a la gesti\u00f3n laboral y de procesos.","url":"https:\/\/www.consultarh.com\/site\/author\/miguelangel\/"}]}},"_links":{"self":[{"href":"https:\/\/www.consultarh.com\/site\/wp-json\/wp\/v2\/posts\/799"}],"collection":[{"href":"https:\/\/www.consultarh.com\/site\/wp-json\/wp\/v2\/posts"}],"about":[{"href":"https:\/\/www.consultarh.com\/site\/wp-json\/wp\/v2\/types\/post"}],"author":[{"embeddable":true,"href":"https:\/\/www.consultarh.com\/site\/wp-json\/wp\/v2\/users\/15"}],"replies":[{"embeddable":true,"href":"https:\/\/www.consultarh.com\/site\/wp-json\/wp\/v2\/comments?post=799"}],"version-history":[{"count":0,"href":"https:\/\/www.consultarh.com\/site\/wp-json\/wp\/v2\/posts\/799\/revisions"}],"wp:featuredmedia":[{"embeddable":true,"href":"https:\/\/www.consultarh.com\/site\/wp-json\/wp\/v2\/media\/682"}],"wp:attachment":[{"href":"https:\/\/www.consultarh.com\/site\/wp-json\/wp\/v2\/media?parent=799"}],"wp:term":[{"taxonomy":"category","embeddable":true,"href":"https:\/\/www.consultarh.com\/site\/wp-json\/wp\/v2\/categories?post=799"},{"taxonomy":"post_tag","embeddable":true,"href":"https:\/\/www.consultarh.com\/site\/wp-json\/wp\/v2\/tags?post=799"}],"curies":[{"name":"wp","href":"https:\/\/api.w.org\/{rel}","templated":true}]}}