{"id":1002,"date":"2017-07-02T17:32:10","date_gmt":"2017-07-02T21:32:10","guid":{"rendered":"http:\/\/www.consultarh.com\/site\/?p=1002"},"modified":"2017-07-23T10:22:50","modified_gmt":"2017-07-23T14:22:50","slug":"aumento-salario-minimo-ct-desde-1o-julio","status":"publish","type":"post","link":"https:\/\/www.consultarh.com\/site\/aumento-salario-minimo-ct-desde-1o-julio\/","title":{"rendered":"Aumento de salario m\u00ednimo + Cestaticket desde 1\u00ba de julio"},"content":{"rendered":"<p>Recientemente, en fecha 2 de julio, el presidente Nicol\u00e1s Maduro anunci\u00f3 en cadena nacional, el aumento del salario m\u00ednimo nacional y el beneficio de alimentaci\u00f3n del Cestaticket Socialista a partir del 1\u00ba de julio 2017.<\/p>\n<p><!--more--><\/p>\n<p>El aumento del salario m\u00ednimo es de 50% con lo cual queda el nuevo salario en<strong> Bs. 97.531,56<\/strong>, esto como referencia que se mantiene, incide tambi\u00e9n sobre las pensiones del IVSS.<\/p>\n<p>El aumento del valor diario del Cestaticket pasa de 15 a 17UT\u00a0 \u00e9ste beneficio, quedando en un monto mensual de <strong>153Mil Bs.<\/strong> aumento que ser\u00e1 efectivo al final de julio ya que su nuevo valor entra en vigencia desde el 1\u00ba de \u00e9ste mes en curso.<\/p>\n<p>Podemos aclarar desde nuestra interpretaci\u00f3n, que el monto a pagar la primera semana de julio por Cestaticket se mantiene en <strong>Bs. 135Mil<\/strong>, y el nuevo valor de <strong>153Mil Bs.<\/strong> ser\u00e1 pagado la primera semana de Agosto-17.<\/p>\n","protected":false},"excerpt":{"rendered":"<p>Recientemente, en fecha 2 de julio, el presidente Nicol\u00e1s Maduro anunci\u00f3 en cadena nacional, el aumento del salario m\u00ednimo nacional y el beneficio de alimentaci\u00f3n del Cestaticket Socialista a partir del 1\u00ba de julio 2017.<\/p>\n","protected":false},"author":15,"featured_media":1008,"comment_status":"closed","ping_status":"closed","sticky":false,"template":"","format":"standard","meta":{"footnotes":""},"categories":[98,1,43,156,109],"tags":[139,140,36,141],"class_list":["post-1002","post","type-post","status-publish","format-standard","has-post-thumbnail","hentry","category-cestaticket","category-general","category-laboral","category-latest-blog","category-salario-minimo","tag-aumento-de-salario","tag-aumento-de-sueldo-minimo","tag-cestaticket","tag-julio"],"yoast_head":"<!-- This site is optimized with the Yoast SEO plugin v23.4 - https:\/\/yoast.com\/wordpress\/plugins\/seo\/ -->\n<title>Aumento de salario m\u00ednimo + Cestaticket desde 1\u00ba de julio - Consultarh<\/title>\n<meta name=\"robots\" content=\"index, follow, max-snippet:-1, max-image-preview:large, max-video-preview:-1\" \/>\n<link rel=\"canonical\" href=\"https:\/\/www.consultarh.com\/site\/aumento-salario-minimo-ct-desde-1o-julio\/\" \/>\n<meta property=\"og:locale\" content=\"es_ES\" \/>\n<meta property=\"og:type\" content=\"article\" \/>\n<meta property=\"og:title\" content=\"Aumento de salario m\u00ednimo + Cestaticket desde 1\u00ba de julio - Consultarh\" \/>\n<meta property=\"og:description\" content=\"Recientemente, en fecha 2 de julio, el presidente Nicol\u00e1s Maduro anunci\u00f3 en cadena nacional, el aumento del salario m\u00ednimo nacional y el beneficio de alimentaci\u00f3n del Cestaticket Socialista a partir del 1\u00ba de julio 2017.\" \/>\n<meta property=\"og:url\" content=\"https:\/\/www.consultarh.com\/site\/aumento-salario-minimo-ct-desde-1o-julio\/\" \/>\n<meta property=\"og:site_name\" content=\"Consultarh\" \/>\n<meta property=\"article:publisher\" content=\"https:\/\/www.facebook.com\/consultarh\" \/>\n<meta property=\"article:published_time\" content=\"2017-07-02T21:32:10+00:00\" \/>\n<meta property=\"article:modified_time\" content=\"2017-07-23T14:22:50+00:00\" \/>\n<meta property=\"og:image\" content=\"https:\/\/www.consultarh.com\/site\/wp-content\/uploads\/2017\/07\/aumento-salario-minimo-1-julio-2017-e1499031921756.jpg\" \/>\n\t<meta property=\"og:image:width\" content=\"625\" \/>\n\t<meta property=\"og:image:height\" content=\"350\" \/>\n\t<meta property=\"og:image:type\" content=\"image\/jpeg\" \/>\n<meta name=\"author\" content=\"Miguelangel Molina\" \/>\n<meta name=\"twitter:card\" content=\"summary_large_image\" \/>\n<meta name=\"twitter:creator\" content=\"@consultarh\" \/>\n<meta name=\"twitter:site\" content=\"@consultarh\" \/>\n<meta name=\"twitter:label1\" content=\"Escrito por\" \/>\n\t<meta name=\"twitter:data1\" content=\"Miguelangel Molina\" \/>\n\t<meta name=\"twitter:label2\" content=\"Tiempo de lectura\" \/>\n\t<meta name=\"twitter:data2\" content=\"1 minuto\" \/>\n<script type=\"application\/ld+json\" class=\"yoast-schema-graph\">{\"@context\":\"https:\/\/schema.org\",\"@graph\":[{\"@type\":\"Article\",\"@id\":\"https:\/\/www.consultarh.com\/site\/aumento-salario-minimo-ct-desde-1o-julio\/#article\",\"isPartOf\":{\"@id\":\"https:\/\/www.consultarh.com\/site\/aumento-salario-minimo-ct-desde-1o-julio\/\"},\"author\":{\"name\":\"Miguelangel Molina\",\"@id\":\"https:\/\/www.consultarh.com\/site\/#\/schema\/person\/df03a6c4e9e410061861561f099b4556\"},\"headline\":\"Aumento de salario m\u00ednimo + Cestaticket desde 1\u00ba de julio\",\"datePublished\":\"2017-07-02T21:32:10+00:00\",\"dateModified\":\"2017-07-23T14:22:50+00:00\",\"mainEntityOfPage\":{\"@id\":\"https:\/\/www.consultarh.com\/site\/aumento-salario-minimo-ct-desde-1o-julio\/\"},\"wordCount\":156,\"publisher\":{\"@id\":\"https:\/\/www.consultarh.com\/site\/#organization\"},\"image\":{\"@id\":\"https:\/\/www.consultarh.com\/site\/aumento-salario-minimo-ct-desde-1o-julio\/#primaryimage\"},\"thumbnailUrl\":\"https:\/\/www.consultarh.com\/site\/wp-content\/uploads\/2017\/07\/aumento-salario-minimo-1-julio-2017-e1499031921756.jpg\",\"keywords\":[\"aumento de salario\",\"aumento de sueldo minimo\",\"cestaticket\",\"julio\"],\"articleSection\":[\"Cestaticket\",\"General\",\"laboral\",\"Latest blog\",\"Salario minimo\"],\"inLanguage\":\"es\"},{\"@type\":\"WebPage\",\"@id\":\"https:\/\/www.consultarh.com\/site\/aumento-salario-minimo-ct-desde-1o-julio\/\",\"url\":\"https:\/\/www.consultarh.com\/site\/aumento-salario-minimo-ct-desde-1o-julio\/\",\"name\":\"Aumento de salario m\u00ednimo + Cestaticket desde 1\u00ba de julio - Consultarh\",\"isPartOf\":{\"@id\":\"https:\/\/www.consultarh.com\/site\/#website\"},\"primaryImageOfPage\":{\"@id\":\"https:\/\/www.consultarh.com\/site\/aumento-salario-minimo-ct-desde-1o-julio\/#primaryimage\"},\"image\":{\"@id\":\"https:\/\/www.consultarh.com\/site\/aumento-salario-minimo-ct-desde-1o-julio\/#primaryimage\"},\"thumbnailUrl\":\"https:\/\/www.consultarh.com\/site\/wp-content\/uploads\/2017\/07\/aumento-salario-minimo-1-julio-2017-e1499031921756.jpg\",\"datePublished\":\"2017-07-02T21:32:10+00:00\",\"dateModified\":\"2017-07-23T14:22:50+00:00\",\"breadcrumb\":{\"@id\":\"https:\/\/www.consultarh.com\/site\/aumento-salario-minimo-ct-desde-1o-julio\/#breadcrumb\"},\"inLanguage\":\"es\",\"potentialAction\":[{\"@type\":\"ReadAction\",\"target\":[\"https:\/\/www.consultarh.com\/site\/aumento-salario-minimo-ct-desde-1o-julio\/\"]}]},{\"@type\":\"ImageObject\",\"inLanguage\":\"es\",\"@id\":\"https:\/\/www.consultarh.com\/site\/aumento-salario-minimo-ct-desde-1o-julio\/#primaryimage\",\"url\":\"https:\/\/www.consultarh.com\/site\/wp-content\/uploads\/2017\/07\/aumento-salario-minimo-1-julio-2017-e1499031921756.jpg\",\"contentUrl\":\"https:\/\/www.consultarh.com\/site\/wp-content\/uploads\/2017\/07\/aumento-salario-minimo-1-julio-2017-e1499031921756.jpg\",\"width\":625,\"height\":350},{\"@type\":\"BreadcrumbList\",\"@id\":\"https:\/\/www.consultarh.com\/site\/aumento-salario-minimo-ct-desde-1o-julio\/#breadcrumb\",\"itemListElement\":[{\"@type\":\"ListItem\",\"position\":1,\"name\":\"Home\",\"item\":\"https:\/\/www.consultarh.com\/site\/\"},{\"@type\":\"ListItem\",\"position\":2,\"name\":\"Aumento de salario m\u00ednimo + Cestaticket desde 1\u00ba de julio\"}]},{\"@type\":\"WebSite\",\"@id\":\"https:\/\/www.consultarh.com\/site\/#website\",\"url\":\"https:\/\/www.consultarh.com\/site\/\",\"name\":\"Consultarh\",\"description\":\"Consultor\u00eda, Recursos Humanos\",\"publisher\":{\"@id\":\"https:\/\/www.consultarh.com\/site\/#organization\"},\"potentialAction\":[{\"@type\":\"SearchAction\",\"target\":{\"@type\":\"EntryPoint\",\"urlTemplate\":\"https:\/\/www.consultarh.com\/site\/?s={search_term_string}\"},\"query-input\":{\"@type\":\"PropertyValueSpecification\",\"valueRequired\":true,\"valueName\":\"search_term_string\"}}],\"inLanguage\":\"es\"},{\"@type\":\"Organization\",\"@id\":\"https:\/\/www.consultarh.com\/site\/#organization\",\"name\":\"Consultarh\",\"url\":\"https:\/\/www.consultarh.com\/site\/\",\"logo\":{\"@type\":\"ImageObject\",\"inLanguage\":\"es\",\"@id\":\"https:\/\/www.consultarh.com\/site\/#\/schema\/logo\/image\/\",\"url\":\"https:\/\/www.consultarh.com\/site\/wp-content\/uploads\/2017\/07\/cropped-logo-encabezado-consultarh-e1499085758482-1.jpg\",\"contentUrl\":\"https:\/\/www.consultarh.com\/site\/wp-content\/uploads\/2017\/07\/cropped-logo-encabezado-consultarh-e1499085758482-1.jpg\",\"width\":538,\"height\":150,\"caption\":\"Consultarh\"},\"image\":{\"@id\":\"https:\/\/www.consultarh.com\/site\/#\/schema\/logo\/image\/\"},\"sameAs\":[\"https:\/\/www.facebook.com\/consultarh\",\"https:\/\/x.com\/consultarh\",\"https:\/\/www.instagram.com\/consultarh\",\"https:\/\/www.linkedin.com\/company\/consultarh\"]},{\"@type\":\"Person\",\"@id\":\"https:\/\/www.consultarh.com\/site\/#\/schema\/person\/df03a6c4e9e410061861561f099b4556\",\"name\":\"Miguelangel Molina\",\"description\":\"In. Industrial, Consultor Senior en CONSULTARH, Consultor para el desarollo de TIC\u00b4s aplicadas a la gesti\u00f3n laboral y de procesos.\",\"url\":\"https:\/\/www.consultarh.com\/site\/author\/miguelangel\/\"}]}<\/script>\n<!-- \/ Yoast SEO plugin. -->","yoast_head_json":{"title":"Aumento de salario m\u00ednimo + Cestaticket desde 1\u00ba de julio - Consultarh","robots":{"index":"index","follow":"follow","max-snippet":"max-snippet:-1","max-image-preview":"max-image-preview:large","max-video-preview":"max-video-preview:-1"},"canonical":"https:\/\/www.consultarh.com\/site\/aumento-salario-minimo-ct-desde-1o-julio\/","og_locale":"es_ES","og_type":"article","og_title":"Aumento de salario m\u00ednimo + Cestaticket desde 1\u00ba de julio - Consultarh","og_description":"Recientemente, en fecha 2 de julio, el presidente Nicol\u00e1s Maduro anunci\u00f3 en cadena nacional, el aumento del salario m\u00ednimo nacional y el beneficio de alimentaci\u00f3n del Cestaticket Socialista a partir del 1\u00ba de julio 2017.","og_url":"https:\/\/www.consultarh.com\/site\/aumento-salario-minimo-ct-desde-1o-julio\/","og_site_name":"Consultarh","article_publisher":"https:\/\/www.facebook.com\/consultarh","article_published_time":"2017-07-02T21:32:10+00:00","article_modified_time":"2017-07-23T14:22:50+00:00","og_image":[{"width":625,"height":350,"url":"https:\/\/www.consultarh.com\/site\/wp-content\/uploads\/2017\/07\/aumento-salario-minimo-1-julio-2017-e1499031921756.jpg","type":"image\/jpeg"}],"author":"Miguelangel Molina","twitter_card":"summary_large_image","twitter_creator":"@consultarh","twitter_site":"@consultarh","twitter_misc":{"Escrito por":"Miguelangel Molina","Tiempo de lectura":"1 minuto"},"schema":{"@context":"https:\/\/schema.org","@graph":[{"@type":"Article","@id":"https:\/\/www.consultarh.com\/site\/aumento-salario-minimo-ct-desde-1o-julio\/#article","isPartOf":{"@id":"https:\/\/www.consultarh.com\/site\/aumento-salario-minimo-ct-desde-1o-julio\/"},"author":{"name":"Miguelangel Molina","@id":"https:\/\/www.consultarh.com\/site\/#\/schema\/person\/df03a6c4e9e410061861561f099b4556"},"headline":"Aumento de salario m\u00ednimo + Cestaticket desde 1\u00ba de julio","datePublished":"2017-07-02T21:32:10+00:00","dateModified":"2017-07-23T14:22:50+00:00","mainEntityOfPage":{"@id":"https:\/\/www.consultarh.com\/site\/aumento-salario-minimo-ct-desde-1o-julio\/"},"wordCount":156,"publisher":{"@id":"https:\/\/www.consultarh.com\/site\/#organization"},"image":{"@id":"https:\/\/www.consultarh.com\/site\/aumento-salario-minimo-ct-desde-1o-julio\/#primaryimage"},"thumbnailUrl":"https:\/\/www.consultarh.com\/site\/wp-content\/uploads\/2017\/07\/aumento-salario-minimo-1-julio-2017-e1499031921756.jpg","keywords":["aumento de salario","aumento de sueldo minimo","cestaticket","julio"],"articleSection":["Cestaticket","General","laboral","Latest blog","Salario minimo"],"inLanguage":"es"},{"@type":"WebPage","@id":"https:\/\/www.consultarh.com\/site\/aumento-salario-minimo-ct-desde-1o-julio\/","url":"https:\/\/www.consultarh.com\/site\/aumento-salario-minimo-ct-desde-1o-julio\/","name":"Aumento de salario m\u00ednimo + Cestaticket desde 1\u00ba de julio - Consultarh","isPartOf":{"@id":"https:\/\/www.consultarh.com\/site\/#website"},"primaryImageOfPage":{"@id":"https:\/\/www.consultarh.com\/site\/aumento-salario-minimo-ct-desde-1o-julio\/#primaryimage"},"image":{"@id":"https:\/\/www.consultarh.com\/site\/aumento-salario-minimo-ct-desde-1o-julio\/#primaryimage"},"thumbnailUrl":"https:\/\/www.consultarh.com\/site\/wp-content\/uploads\/2017\/07\/aumento-salario-minimo-1-julio-2017-e1499031921756.jpg","datePublished":"2017-07-02T21:32:10+00:00","dateModified":"2017-07-23T14:22:50+00:00","breadcrumb":{"@id":"https:\/\/www.consultarh.com\/site\/aumento-salario-minimo-ct-desde-1o-julio\/#breadcrumb"},"inLanguage":"es","potentialAction":[{"@type":"ReadAction","target":["https:\/\/www.consultarh.com\/site\/aumento-salario-minimo-ct-desde-1o-julio\/"]}]},{"@type":"ImageObject","inLanguage":"es","@id":"https:\/\/www.consultarh.com\/site\/aumento-salario-minimo-ct-desde-1o-julio\/#primaryimage","url":"https:\/\/www.consultarh.com\/site\/wp-content\/uploads\/2017\/07\/aumento-salario-minimo-1-julio-2017-e1499031921756.jpg","contentUrl":"https:\/\/www.consultarh.com\/site\/wp-content\/uploads\/2017\/07\/aumento-salario-minimo-1-julio-2017-e1499031921756.jpg","width":625,"height":350},{"@type":"BreadcrumbList","@id":"https:\/\/www.consultarh.com\/site\/aumento-salario-minimo-ct-desde-1o-julio\/#breadcrumb","itemListElement":[{"@type":"ListItem","position":1,"name":"Home","item":"https:\/\/www.consultarh.com\/site\/"},{"@type":"ListItem","position":2,"name":"Aumento de salario m\u00ednimo + Cestaticket desde 1\u00ba de julio"}]},{"@type":"WebSite","@id":"https:\/\/www.consultarh.com\/site\/#website","url":"https:\/\/www.consultarh.com\/site\/","name":"Consultarh","description":"Consultor\u00eda, Recursos Humanos","publisher":{"@id":"https:\/\/www.consultarh.com\/site\/#organization"},"potentialAction":[{"@type":"SearchAction","target":{"@type":"EntryPoint","urlTemplate":"https:\/\/www.consultarh.com\/site\/?s={search_term_string}"},"query-input":{"@type":"PropertyValueSpecification","valueRequired":true,"valueName":"search_term_string"}}],"inLanguage":"es"},{"@type":"Organization","@id":"https:\/\/www.consultarh.com\/site\/#organization","name":"Consultarh","url":"https:\/\/www.consultarh.com\/site\/","logo":{"@type":"ImageObject","inLanguage":"es","@id":"https:\/\/www.consultarh.com\/site\/#\/schema\/logo\/image\/","url":"https:\/\/www.consultarh.com\/site\/wp-content\/uploads\/2017\/07\/cropped-logo-encabezado-consultarh-e1499085758482-1.jpg","contentUrl":"https:\/\/www.consultarh.com\/site\/wp-content\/uploads\/2017\/07\/cropped-logo-encabezado-consultarh-e1499085758482-1.jpg","width":538,"height":150,"caption":"Consultarh"},"image":{"@id":"https:\/\/www.consultarh.com\/site\/#\/schema\/logo\/image\/"},"sameAs":["https:\/\/www.facebook.com\/consultarh","https:\/\/x.com\/consultarh","https:\/\/www.instagram.com\/consultarh","https:\/\/www.linkedin.com\/company\/consultarh"]},{"@type":"Person","@id":"https:\/\/www.consultarh.com\/site\/#\/schema\/person\/df03a6c4e9e410061861561f099b4556","name":"Miguelangel Molina","description":"In. Industrial, Consultor Senior en CONSULTARH, Consultor para el desarollo de TIC\u00b4s aplicadas a la gesti\u00f3n laboral y de procesos.","url":"https:\/\/www.consultarh.com\/site\/author\/miguelangel\/"}]}},"_links":{"self":[{"href":"https:\/\/www.consultarh.com\/site\/wp-json\/wp\/v2\/posts\/1002"}],"collection":[{"href":"https:\/\/www.consultarh.com\/site\/wp-json\/wp\/v2\/posts"}],"about":[{"href":"https:\/\/www.consultarh.com\/site\/wp-json\/wp\/v2\/types\/post"}],"author":[{"embeddable":true,"href":"https:\/\/www.consultarh.com\/site\/wp-json\/wp\/v2\/users\/15"}],"replies":[{"embeddable":true,"href":"https:\/\/www.consultarh.com\/site\/wp-json\/wp\/v2\/comments?post=1002"}],"version-history":[{"count":0,"href":"https:\/\/www.consultarh.com\/site\/wp-json\/wp\/v2\/posts\/1002\/revisions"}],"wp:featuredmedia":[{"embeddable":true,"href":"https:\/\/www.consultarh.com\/site\/wp-json\/wp\/v2\/media\/1008"}],"wp:attachment":[{"href":"https:\/\/www.consultarh.com\/site\/wp-json\/wp\/v2\/media?parent=1002"}],"wp:term":[{"taxonomy":"category","embeddable":true,"href":"https:\/\/www.consultarh.com\/site\/wp-json\/wp\/v2\/categories?post=1002"},{"taxonomy":"post_tag","embeddable":true,"href":"https:\/\/www.consultarh.com\/site\/wp-json\/wp\/v2\/tags?post=1002"}],"curies":[{"name":"wp","href":"https:\/\/api.w.org\/{rel}","templated":true}]}}